{"id":749,"date":"2009-06-24T21:49:15","date_gmt":"2009-06-24T20:49:15","guid":{"rendered":"http:\/\/www.butterbemme.de\/blog\/?p=749"},"modified":"2009-06-24T21:49:15","modified_gmt":"2009-06-24T20:49:15","slug":"keines-wegs-entkoffeiniert","status":"publish","type":"post","link":"https:\/\/www.butterbemme.de\/blog\/2009\/06\/24\/keines-wegs-entkoffeiniert\/","title":{"rendered":"Keines Wegs entkoffeiniert"},"content":{"rendered":"<p>Aus irgendeinem Grund hab ich mir heute voll die Koffeindr\u00f6hnung gegeben. Mit 2 mal Tee, Cola, Spezi und Espresso lieg ich weeeeeeeit weeeeeeeit weiiiiiiiit \u00fcber meinem normalen Koffeinschnitt pro Tag. Normaler Weise trink ich fr\u00fchs eine Tasse Tee und auf Arbeit eine Tasse Kaffee, mehr nicht.<\/p>\n<p>Doch heute, ich wei\u00df auch nicht, hats mich gerappelt. Oder lags am M\u00fcnchen. Wollt ich mir das Wetter mit Koffein sch\u00f6n trinken? Man ey 2 Tage fast nur Regen war nicht toll.<\/p>\n<p>Aber ich hab heute fr\u00fch den Weg zur U-Bahn genossen &#8211; weils nicht geregnet hat. Gesch\u00e4ftige Leute beobachten macht Spa\u00df.<\/p>\n<p>Im Gegensatz zu meinem Kollegen k\u00f6nnt ich mich an das Leben dort gew\u00f6hnen. Nur so am Rande.<\/p>\n<p>Aber eins wei\u00df ich, dass wird eine laaaange Nacht ;-)<\/p>\n","protected":false},"excerpt":{"rendered":"<p>Aus irgendeinem Grund hab ich mir heute voll die Koffeindr\u00f6hnung gegeben. Mit 2 mal Tee, Cola, Spezi und Espresso lieg ich weeeeeeeit weeeeeeeit weiiiiiiiit \u00fcber meinem normalen Koffeinschnitt pro Tag. Normaler Weise trink ich fr\u00fchs eine Tasse Tee und auf Arbeit eine Tasse Kaffee, mehr nicht. Doch heute, ich wei\u00df auch nicht, hats mich gerappelt. &hellip; <a href=\"https:\/\/www.butterbemme.de\/blog\/2009\/06\/24\/keines-wegs-entkoffeiniert\/\" class=\"more-link\"><span class=\"screen-reader-text\">Keines Wegs entkoffeiniert<\/span> weiterlesen <span class=\"meta-nav\">&rarr;<\/span><\/a><\/p>\n","protected":false},"author":2,"featured_media":0,"comment_status":"open","ping_status":"open","sticky":false,"template":"","format":"standard","meta":{"ngg_post_thumbnail":0,"footnotes":""},"categories":[1],"tags":[],"class_list":["post-749","post","type-post","status-publish","format-standard","hentry","category-irgendwas"],"_links":{"self":[{"href":"https:\/\/www.butterbemme.de\/blog\/wp-json\/wp\/v2\/posts\/749","targetHints":{"allow":["GET"]}}],"collection":[{"href":"https:\/\/www.butterbemme.de\/blog\/wp-json\/wp\/v2\/posts"}],"about":[{"href":"https:\/\/www.butterbemme.de\/blog\/wp-json\/wp\/v2\/types\/post"}],"author":[{"embeddable":true,"href":"https:\/\/www.butterbemme.de\/blog\/wp-json\/wp\/v2\/users\/2"}],"replies":[{"embeddable":true,"href":"https:\/\/www.butterbemme.de\/blog\/wp-json\/wp\/v2\/comments?post=749"}],"version-history":[{"count":0,"href":"https:\/\/www.butterbemme.de\/blog\/wp-json\/wp\/v2\/posts\/749\/revisions"}],"wp:attachment":[{"href":"https:\/\/www.butterbemme.de\/blog\/wp-json\/wp\/v2\/media?parent=749"}],"wp:term":[{"taxonomy":"category","embeddable":true,"href":"https:\/\/www.butterbemme.de\/blog\/wp-json\/wp\/v2\/categories?post=749"},{"taxonomy":"post_tag","embeddable":true,"href":"https:\/\/www.butterbemme.de\/blog\/wp-json\/wp\/v2\/tags?post=749"}],"curies":[{"name":"wp","href":"https:\/\/api.w.org\/{rel}","templated":true}]}}