{"id":56,"date":"2006-07-24T23:32:00","date_gmt":"2006-07-24T22:32:00","guid":{"rendered":"http:\/\/www.butterbemme.de\/blog\/?p=56"},"modified":"2006-07-24T23:32:00","modified_gmt":"2006-07-24T22:32:00","slug":"wo-ist-die-kalte","status":"publish","type":"post","link":"https:\/\/www.butterbemme.de\/blog\/2006\/07\/24\/wo-ist-die-kalte\/","title":{"rendered":"Wo ist die K\u00c3\u00a4lte?"},"content":{"rendered":"<p>Ja, wer hat sie gesehen? Macht die Urlaub? Wohin mag es sie verschlagen haben? Etwa in die Sonne, oder ist sie Skifahren? Oder ist ihr etwas zugesto\u00c3\u0178en? So langsam mach ich mir echt Sorgen? Was passiert, wenn sie entf\u00c3\u00bchrt wurde und als Geisel gehalten wird?<\/p>\n<p>Damit aber das statistische Mittel der Temperatur der Erde an der Oberfl\u00c3\u00a4che von 288 K stimmt, muss es irgendwo auf diesem Planeten ziemlich kalt sein! Aber so richtig!<br \/>Hier mal ein paar Werte aus Europa f\u00c3\u00bcr morgen:<br \/>Frankreich: 32 &#8211; 35\u00c2\u00b0C<br \/>Schweiz: 20 &#8211; 32\u00c2\u00b0C<br \/>\u00c3\u2013sterreich: 20 &#8211; 33\u00c2\u00b0C<br \/>Slowakei: 20 &#8211; 35\u00c2\u00b0C<br \/>Wei\u00c3\u0178russland: 23 &#8211; 31\u00c2\u00b0C<br \/>Lettland: 23 &#8211; 27\u00c2\u00b0C<br \/>Deutschland: 20 &#8211; 34\u00c2\u00b0C<\/p>\n<p>Juchuu, und ich darf wieder arbeiten. Na zum Gl\u00c3\u00bcck hab ich heute unsere Tiefk\u00c3\u00bchlf\u00c3\u00a4cher mit Eis nachger\u00c3\u00bcstet.<\/p>\n<p>Aber der Hit in T\u00c3\u00bcten f\u00c3\u00bcr heute war das Kantinenessen: Schweinebraten mit Klos und Sauerkraut. Genau richtig ;-) Was leichtes und frisches zum Mittag *gg*<\/p>\n","protected":false},"excerpt":{"rendered":"<p>Ja, wer hat sie gesehen? Macht die Urlaub? Wohin mag es sie verschlagen haben? Etwa in die Sonne, oder ist sie Skifahren? Oder ist ihr etwas zugesto\u00c3\u0178en? So langsam mach ich mir echt Sorgen? Was passiert, wenn sie entf\u00c3\u00bchrt wurde und als Geisel gehalten wird? Damit aber das statistische Mittel der Temperatur der Erde an &hellip; <a href=\"https:\/\/www.butterbemme.de\/blog\/2006\/07\/24\/wo-ist-die-kalte\/\" class=\"more-link\"><span class=\"screen-reader-text\">Wo ist die K\u00c3\u00a4lte?<\/span> weiterlesen <span class=\"meta-nav\">&rarr;<\/span><\/a><\/p>\n","protected":false},"author":2,"featured_media":0,"comment_status":"open","ping_status":"open","sticky":false,"template":"","format":"standard","meta":{"ngg_post_thumbnail":0,"footnotes":""},"categories":[1],"tags":[],"class_list":["post-56","post","type-post","status-publish","format-standard","hentry","category-irgendwas"],"_links":{"self":[{"href":"https:\/\/www.butterbemme.de\/blog\/wp-json\/wp\/v2\/posts\/56","targetHints":{"allow":["GET"]}}],"collection":[{"href":"https:\/\/www.butterbemme.de\/blog\/wp-json\/wp\/v2\/posts"}],"about":[{"href":"https:\/\/www.butterbemme.de\/blog\/wp-json\/wp\/v2\/types\/post"}],"author":[{"embeddable":true,"href":"https:\/\/www.butterbemme.de\/blog\/wp-json\/wp\/v2\/users\/2"}],"replies":[{"embeddable":true,"href":"https:\/\/www.butterbemme.de\/blog\/wp-json\/wp\/v2\/comments?post=56"}],"version-history":[{"count":0,"href":"https:\/\/www.butterbemme.de\/blog\/wp-json\/wp\/v2\/posts\/56\/revisions"}],"wp:attachment":[{"href":"https:\/\/www.butterbemme.de\/blog\/wp-json\/wp\/v2\/media?parent=56"}],"wp:term":[{"taxonomy":"category","embeddable":true,"href":"https:\/\/www.butterbemme.de\/blog\/wp-json\/wp\/v2\/categories?post=56"},{"taxonomy":"post_tag","embeddable":true,"href":"https:\/\/www.butterbemme.de\/blog\/wp-json\/wp\/v2\/tags?post=56"}],"curies":[{"name":"wp","href":"https:\/\/api.w.org\/{rel}","templated":true}]}}