{"id":50,"date":"2006-07-10T11:59:00","date_gmt":"2006-07-10T10:59:00","guid":{"rendered":"http:\/\/www.butterbemme.de\/blog\/?p=50"},"modified":"2006-07-10T11:59:00","modified_gmt":"2006-07-10T10:59:00","slug":"ruhe-in-frieden-rudi","status":"publish","type":"post","link":"https:\/\/www.butterbemme.de\/blog\/2006\/07\/10\/ruhe-in-frieden-rudi\/","title":{"rendered":"Ruhe in Frieden, Rudi!"},"content":{"rendered":"<p><a onblur=\"try {parent.deselectBloggerImageGracefully();} catch(e) {}\" href=\"http:\/\/photos1.blogger.com\/blogger\/3078\/1052\/1600\/rc_wallpaper.0.jpg\" rel=\"lightbox[50]\"><img decoding=\"async\" style=\"cursor: pointer;border:15px solid #000000;\" src=\"http:\/\/photos1.blogger.com\/blogger\/3078\/1052\/320\/rc_wallpaper.jpg\" alt=\"\" border=\"0\" \/><\/a><br \/>Rudie Carrell ist tot. Einer der gr\u00c3\u00b6\u00c3\u0178ten deutschsprachigen Unterhaltungsk\u00c3\u00bcnstler ist tot. Gestorben im alter von 71 Jahren.<br \/>Er war einer der ganz ganz gro\u00c3\u0178en der deutschen Komiker-Szene.<br \/>Wir werden ihn vermissen. Aber wie sagt er schon selbst:<br \/><span style=\"font-style: italic; font-weight: bold; color: rgb(0, 0, 102);\"><br \/>Ich werde noch lange als Wiederholung weiterleben<\/span><br \/><span style=\"color: rgb(0, 0, 0);\"><span style=\"font-weight: bold;\"><span style=\"font-weight: bold;\"><span style=\"font-weight: bold;\"><span style=\"font-style: italic;\"><\/p>\n<p><\/span><\/span><\/span><\/span><\/span><\/p>\n","protected":false},"excerpt":{"rendered":"<p>Rudie Carrell ist tot. Einer der gr\u00c3\u00b6\u00c3\u0178ten deutschsprachigen Unterhaltungsk\u00c3\u00bcnstler ist tot. Gestorben im alter von 71 Jahren.Er war einer der ganz ganz gro\u00c3\u0178en der deutschen Komiker-Szene.Wir werden ihn vermissen. Aber wie sagt er schon selbst:Ich werde noch lange als Wiederholung weiterleben<\/p>\n","protected":false},"author":2,"featured_media":0,"comment_status":"open","ping_status":"open","sticky":false,"template":"","format":"standard","meta":{"ngg_post_thumbnail":0,"footnotes":""},"categories":[1],"tags":[],"class_list":["post-50","post","type-post","status-publish","format-standard","hentry","category-irgendwas"],"_links":{"self":[{"href":"https:\/\/www.butterbemme.de\/blog\/wp-json\/wp\/v2\/posts\/50","targetHints":{"allow":["GET"]}}],"collection":[{"href":"https:\/\/www.butterbemme.de\/blog\/wp-json\/wp\/v2\/posts"}],"about":[{"href":"https:\/\/www.butterbemme.de\/blog\/wp-json\/wp\/v2\/types\/post"}],"author":[{"embeddable":true,"href":"https:\/\/www.butterbemme.de\/blog\/wp-json\/wp\/v2\/users\/2"}],"replies":[{"embeddable":true,"href":"https:\/\/www.butterbemme.de\/blog\/wp-json\/wp\/v2\/comments?post=50"}],"version-history":[{"count":0,"href":"https:\/\/www.butterbemme.de\/blog\/wp-json\/wp\/v2\/posts\/50\/revisions"}],"wp:attachment":[{"href":"https:\/\/www.butterbemme.de\/blog\/wp-json\/wp\/v2\/media?parent=50"}],"wp:term":[{"taxonomy":"category","embeddable":true,"href":"https:\/\/www.butterbemme.de\/blog\/wp-json\/wp\/v2\/categories?post=50"},{"taxonomy":"post_tag","embeddable":true,"href":"https:\/\/www.butterbemme.de\/blog\/wp-json\/wp\/v2\/tags?post=50"}],"curies":[{"name":"wp","href":"https:\/\/api.w.org\/{rel}","templated":true}]}}