{"id":456,"date":"2008-12-03T01:18:57","date_gmt":"2008-12-02T23:18:57","guid":{"rendered":"http:\/\/www.butterbemme.de\/blog\/?p=456"},"modified":"2008-12-03T01:21:33","modified_gmt":"2008-12-02T23:21:33","slug":"das-grune-denken-hat-begonnen","status":"publish","type":"post","link":"https:\/\/www.butterbemme.de\/blog\/2008\/12\/03\/das-grune-denken-hat-begonnen\/","title":{"rendered":"das gr\u00c3\u00bcne Denken hat begonnen"},"content":{"rendered":"<p>Da mein Blog jetzt schon ein Jahr auf seiner eigenen Domain das Internet mit mehr oder weniger sinnvollen Bits und Bytes beschie\u00c3\u0178t, die Welt au\u00c3\u0178erdem vor dem \u00c3\u00b6kologischen Kollaps steht, die Klimaerw\u00c3\u00a4rmung uns allen megam\u00c3\u00a4\u00c3\u0178ig zu schaffen macht, &#8218;Yes we can&#8216;-Obama die gute Hilarious Clinton zur <del datetime=\"2008-12-02T23:09:08+00:00\">Abseits<\/del> <del datetime=\"2008-12-02T23:09:08+00:00\">Au\u00c3\u0178w\u00c3\u00a4rts<\/del> Au\u00c3\u0178enministerin machen will und die Boston Bruins pl\u00c3\u00b6tzlich eins der besten Teams der NHL sind, hab ich mir gedacht, streich ich doch mal mein Blog gr\u00c3\u00bcn an, um wenigstens im Internet etwas \u00c3\u00b6kologischen Gedanken zu zeigen, wenn ich schon den meine Heizung immer auf 5 stelle und mein Restm\u00c3\u00bcll auf dem Balkon verbrenne ;-)<\/p>\n<p>Und da ja \u00c3\u00b6kologisch nicht ganz einfach ist und mit Problem belastet ist, wird es sicher an der einen oder anderen Stelle noch etwas haken.<\/p>\n","protected":false},"excerpt":{"rendered":"<p>Da mein Blog jetzt schon ein Jahr auf seiner eigenen Domain das Internet mit mehr oder weniger sinnvollen Bits und Bytes beschie\u00c3\u0178t, die Welt au\u00c3\u0178erdem vor dem \u00c3\u00b6kologischen Kollaps steht, die Klimaerw\u00c3\u00a4rmung uns allen megam\u00c3\u00a4\u00c3\u0178ig zu schaffen macht, &#8218;Yes we can&#8216;-Obama die gute Hilarious Clinton zur Abseits Au\u00c3\u0178w\u00c3\u00a4rts Au\u00c3\u0178enministerin machen will und die Boston Bruins &hellip; <a href=\"https:\/\/www.butterbemme.de\/blog\/2008\/12\/03\/das-grune-denken-hat-begonnen\/\" class=\"more-link\"><span class=\"screen-reader-text\">das gr\u00c3\u00bcne Denken hat begonnen<\/span> weiterlesen <span class=\"meta-nav\">&rarr;<\/span><\/a><\/p>\n","protected":false},"author":2,"featured_media":0,"comment_status":"open","ping_status":"open","sticky":false,"template":"","format":"standard","meta":{"ngg_post_thumbnail":0,"footnotes":""},"categories":[1],"tags":[],"class_list":["post-456","post","type-post","status-publish","format-standard","hentry","category-irgendwas"],"_links":{"self":[{"href":"https:\/\/www.butterbemme.de\/blog\/wp-json\/wp\/v2\/posts\/456","targetHints":{"allow":["GET"]}}],"collection":[{"href":"https:\/\/www.butterbemme.de\/blog\/wp-json\/wp\/v2\/posts"}],"about":[{"href":"https:\/\/www.butterbemme.de\/blog\/wp-json\/wp\/v2\/types\/post"}],"author":[{"embeddable":true,"href":"https:\/\/www.butterbemme.de\/blog\/wp-json\/wp\/v2\/users\/2"}],"replies":[{"embeddable":true,"href":"https:\/\/www.butterbemme.de\/blog\/wp-json\/wp\/v2\/comments?post=456"}],"version-history":[{"count":3,"href":"https:\/\/www.butterbemme.de\/blog\/wp-json\/wp\/v2\/posts\/456\/revisions"}],"predecessor-version":[{"id":458,"href":"https:\/\/www.butterbemme.de\/blog\/wp-json\/wp\/v2\/posts\/456\/revisions\/458"}],"wp:attachment":[{"href":"https:\/\/www.butterbemme.de\/blog\/wp-json\/wp\/v2\/media?parent=456"}],"wp:term":[{"taxonomy":"category","embeddable":true,"href":"https:\/\/www.butterbemme.de\/blog\/wp-json\/wp\/v2\/categories?post=456"},{"taxonomy":"post_tag","embeddable":true,"href":"https:\/\/www.butterbemme.de\/blog\/wp-json\/wp\/v2\/tags?post=456"}],"curies":[{"name":"wp","href":"https:\/\/api.w.org\/{rel}","templated":true}]}}