{"id":1311,"date":"2012-12-19T17:01:20","date_gmt":"2012-12-19T16:01:20","guid":{"rendered":"http:\/\/www.butterbemme.de\/blog\/?p=1311"},"modified":"2012-12-17T13:55:33","modified_gmt":"2012-12-17T12:55:33","slug":"das-ende-der-welt","status":"publish","type":"post","link":"https:\/\/www.butterbemme.de\/blog\/2012\/12\/19\/das-ende-der-welt\/","title":{"rendered":"Das Ende der Welt"},"content":{"rendered":"<p>Der Maya-Kalender sagt das Ende der Welt f\u00fcr den 21.12.2012 voraus.<\/p>\n<p>Und wie ich neulich im TV gesehen habe, ist dieser Kalender seeehr seeehr lang. Viele Bl\u00e4tter an einandergereit. Da musste jemand ziemlich lange f\u00fcr zeichnen, oder wie auch immer die Mayas damals die Kalender\u00a0zu Papier gebracht haben. Und auch musste jemand ziemlich viel vorhersehen. Mindestens mehrere 100 Jahre.<\/p>\n<p>Was ist aber nun, wenn derjenige der zeichnete oder vorhersah am Ende einfach keinen Bock mehr hatte?<\/p>\n<p>Vielleicht hat es sich so abgespielt:<\/p>\n<p><cite>Was? Noch eine Seite? F\u00fcr Dezember 20212? Och man! Was? Bis morgen? Aber es ist doch Freitag Nachmittag. Da muss ich ja schon wieder Nachtschicht machen! Muss das denn sein? Da verpass ich ja schon wieder Biene Maja. Bitte? Wenn ich es nicht mache, werd ich geopfert? Oh jee. Ja schon gut ich machs, morgen hast du den Dezember 2012, Chef.<br \/>\nWas k\u00f6nnte im Dezember 2012 passieren? Mal \u00fcberlegen! Ach ja nichts aufregendes bis zum 21. Dezember. Da kommt eine Flutwelle, alles leben wird vernichtet und ich kann jetzt Feierabend machen. Tsch\u00f6\u00f6h\u00f6\u00f6.<\/cite><\/p>\n<p>Und heute denken alle die Welt geht unter, ppffffttt ;-)<\/p>\n","protected":false},"excerpt":{"rendered":"<p>Der Maya-Kalender sagt das Ende der Welt f\u00fcr den 21.12.2012 voraus. Und wie ich neulich im TV gesehen habe, ist dieser Kalender seeehr seeehr lang. Viele Bl\u00e4tter an einandergereit. Da musste jemand ziemlich lange f\u00fcr zeichnen, oder wie auch immer die Mayas damals die Kalender\u00a0zu Papier gebracht haben. Und auch musste jemand ziemlich viel vorhersehen. &hellip; <a href=\"https:\/\/www.butterbemme.de\/blog\/2012\/12\/19\/das-ende-der-welt\/\" class=\"more-link\"><span class=\"screen-reader-text\">Das Ende der Welt<\/span> weiterlesen <span class=\"meta-nav\">&rarr;<\/span><\/a><\/p>\n","protected":false},"author":2,"featured_media":0,"comment_status":"open","ping_status":"closed","sticky":false,"template":"","format":"standard","meta":{"ngg_post_thumbnail":0,"footnotes":""},"categories":[54],"tags":[],"class_list":["post-1311","post","type-post","status-publish","format-standard","hentry","category-fragen-des-alltags"],"_links":{"self":[{"href":"https:\/\/www.butterbemme.de\/blog\/wp-json\/wp\/v2\/posts\/1311","targetHints":{"allow":["GET"]}}],"collection":[{"href":"https:\/\/www.butterbemme.de\/blog\/wp-json\/wp\/v2\/posts"}],"about":[{"href":"https:\/\/www.butterbemme.de\/blog\/wp-json\/wp\/v2\/types\/post"}],"author":[{"embeddable":true,"href":"https:\/\/www.butterbemme.de\/blog\/wp-json\/wp\/v2\/users\/2"}],"replies":[{"embeddable":true,"href":"https:\/\/www.butterbemme.de\/blog\/wp-json\/wp\/v2\/comments?post=1311"}],"version-history":[{"count":5,"href":"https:\/\/www.butterbemme.de\/blog\/wp-json\/wp\/v2\/posts\/1311\/revisions"}],"predecessor-version":[{"id":1318,"href":"https:\/\/www.butterbemme.de\/blog\/wp-json\/wp\/v2\/posts\/1311\/revisions\/1318"}],"wp:attachment":[{"href":"https:\/\/www.butterbemme.de\/blog\/wp-json\/wp\/v2\/media?parent=1311"}],"wp:term":[{"taxonomy":"category","embeddable":true,"href":"https:\/\/www.butterbemme.de\/blog\/wp-json\/wp\/v2\/categories?post=1311"},{"taxonomy":"post_tag","embeddable":true,"href":"https:\/\/www.butterbemme.de\/blog\/wp-json\/wp\/v2\/tags?post=1311"}],"curies":[{"name":"wp","href":"https:\/\/api.w.org\/{rel}","templated":true}]}}